{"id":2556,"date":"2020-11-05T10:15:16","date_gmt":"2020-11-05T09:15:16","guid":{"rendered":"https:\/\/www.sabinacolloredo.com\/2020\/?p=2556"},"modified":"2020-11-05T10:15:18","modified_gmt":"2020-11-05T09:15:18","slug":"la-porta-sull-acqua","status":"publish","type":"post","link":"https:\/\/www.sabinacolloredo.com\/2020\/la-porta-sull-acqua\/","title":{"rendered":"LA PORTA SULL&#8217;ACQUA"},"content":{"rendered":"<p><b>Scritto da<\/b> Sabina Colloredo<br \/>\n<b>Illustrato da<\/b> Annalisa Beghelli<br \/>\n<b>Realizzato con<\/b> ANED Onlus<\/p>\n<p>Fabia \u00e8 una coniglietta ed \u00e8 una cantante, Orlando invece \u00e8 un porcospino che ama esplorare. Fabia \u00e8 un orsetto lavatore molto responsabile. Il fiume \u00e8 la loro vita. Per questo quando va in secca tutti e tre si mettono alla ricerca dell\u2019unica chiave che pu\u00f2 riaprire la Grande Porta che regola le acque\u2026<\/p>\n<p>Questa storia \u00e8 dedicata a tutti i bambini che devono affrontare la malattia renale, accompagnandoli nel loro percorso fatto di fatica ma anche di inesauribile coraggio.<\/p>\n<p><img loading=\"lazy\" decoding=\"async\" class=\"alignnone size-full wp-image-2557\" src=\"https:\/\/www.sabinacolloredo.com\/2020\/wp-content\/uploads\/2020\/11\/LA-PORTA-SULLACQUA-sabina-colloredo.jpg\" alt=\"\" width=\"1277\" height=\"1200\" srcset=\"https:\/\/www.sabinacolloredo.com\/2020\/wp-content\/uploads\/2020\/11\/LA-PORTA-SULLACQUA-sabina-colloredo.jpg 1277w, https:\/\/www.sabinacolloredo.com\/2020\/wp-content\/uploads\/2020\/11\/LA-PORTA-SULLACQUA-sabina-colloredo-300x282.jpg 300w, https:\/\/www.sabinacolloredo.com\/2020\/wp-content\/uploads\/2020\/11\/LA-PORTA-SULLACQUA-sabina-colloredo-1024x962.jpg 1024w, https:\/\/www.sabinacolloredo.com\/2020\/wp-content\/uploads\/2020\/11\/LA-PORTA-SULLACQUA-sabina-colloredo-768x722.jpg 768w, https:\/\/www.sabinacolloredo.com\/2020\/wp-content\/uploads\/2020\/11\/LA-PORTA-SULLACQUA-sabina-colloredo-500x470.jpg 500w, https:\/\/www.sabinacolloredo.com\/2020\/wp-content\/uploads\/2020\/11\/LA-PORTA-SULLACQUA-sabina-colloredo-800x752.jpg 800w, https:\/\/www.sabinacolloredo.com\/2020\/wp-content\/uploads\/2020\/11\/LA-PORTA-SULLACQUA-sabina-colloredo-1080x1015.jpg 1080w\" sizes=\"(max-width: 1277px) 100vw, 1277px\" \/><\/p>\n","protected":false},"excerpt":{"rendered":"<p>Fabia \u00e8 una coniglietta ed \u00e8 una cantante, Orlando invece \u00e8 un porcospino che ama esplorare. Fabia \u00e8 un orsetto lavatore molto responsabile. Il fiume \u00e8 la loro vita. Per questo quando va in secca tutti e tre si mettono alla ricerca dell\u2019unica chiave che pu\u00f2 riaprire la Grande Porta che regola le acque\u2026<\/p>\n","protected":false},"author":1,"featured_media":2557,"comment_status":"closed","ping_status":"closed","sticky":false,"template":"","format":"standard","meta":{"_et_pb_use_builder":"","_et_pb_old_content":"","_et_gb_content_width":"","_vp_format_video_url":"","_vp_image_focal_point":{"x":0.34,"y":0.66},"footnotes":""},"categories":[4,5,6],"tags":[],"class_list":["post-2556","post","type-post","status-publish","format-standard","has-post-thumbnail","hentry","category-libri","category-bambini-e-ragazzi","category-progetti-speciali"],"yoast_head":"<!-- This site is optimized with the Yoast SEO plugin v28.4 - https:\/\/yoast.com\/product\/yoast-seo-wordpress\/ -->\n<title>LA PORTA SULL&#039;ACQUA - Sabina Colloredo<\/title>\n<meta name=\"description\" content=\"La storia della sconosciuta sarta di colore che , nel dicembre del 1955, in Alabama, in piena segregazione razziale, si rifiut\u00f2 di cedere il suo posto sull\u2019autobus ad un bianco. Fu arrestata, ma il suo gesto fece il giro del mondo, la sua vita cambi\u00f2 e da quel giorno, in America, nulla fu pi\u00f9 come prima.\" \/>\n<meta name=\"robots\" content=\"index, follow, max-snippet:-1, max-image-preview:large, max-video-preview:-1\" \/>\n<link rel=\"canonical\" href=\"https:\/\/www.sabinacolloredo.com\/2020\/la-porta-sull-acqua\/\" \/>\n<meta property=\"og:locale\" content=\"it_IT\" \/>\n<meta property=\"og:type\" content=\"article\" \/>\n<meta property=\"og:title\" content=\"LA PORTA SULL&#039;ACQUA - Sabina Colloredo\" \/>\n<meta property=\"og:description\" content=\"La storia della sconosciuta sarta di colore che , nel dicembre del 1955, in Alabama, in piena segregazione razziale, si rifiut\u00f2 di cedere il suo posto sull\u2019autobus ad un bianco. Fu arrestata, ma il suo gesto fece il giro del mondo, la sua vita cambi\u00f2 e da quel giorno, in America, nulla fu pi\u00f9 come prima.\" \/>\n<meta property=\"og:url\" content=\"https:\/\/www.sabinacolloredo.com\/2020\/la-porta-sull-acqua\/\" \/>\n<meta property=\"og:site_name\" content=\"Sabina Colloredo\" \/>\n<meta property=\"article:published_time\" content=\"2020-11-05T09:15:16+00:00\" \/>\n<meta property=\"article:modified_time\" content=\"2020-11-05T09:15:18+00:00\" \/>\n<meta property=\"og:image\" content=\"https:\/\/www.sabinacolloredo.com\/2020\/wp-content\/uploads\/2020\/11\/LA-PORTA-SULLACQUA-sabina-colloredo.jpg\" \/>\n\t<meta property=\"og:image:width\" content=\"1277\" \/>\n\t<meta property=\"og:image:height\" content=\"1200\" \/>\n\t<meta property=\"og:image:type\" content=\"image\/jpeg\" \/>\n<meta name=\"author\" content=\"Admin\" \/>\n<meta name=\"twitter:card\" content=\"summary_large_image\" \/>\n<meta name=\"twitter:label1\" content=\"Scritto da\" \/>\n\t<meta name=\"twitter:data1\" content=\"Admin\" \/>\n<script type=\"application\/ld+json\" class=\"yoast-schema-graph\">{\"@context\":\"https:\\\/\\\/schema.org\",\"@graph\":[{\"@type\":\"Article\",\"@id\":\"https:\\\/\\\/www.sabinacolloredo.com\\\/2020\\\/la-porta-sull-acqua\\\/#article\",\"isPartOf\":{\"@id\":\"https:\\\/\\\/www.sabinacolloredo.com\\\/2020\\\/la-porta-sull-acqua\\\/\"},\"author\":{\"name\":\"Admin\",\"@id\":\"https:\\\/\\\/www.sabinacolloredo.com\\\/2020\\\/#\\\/schema\\\/person\\\/934ad7375a2cb6570e599e627743b865\"},\"headline\":\"LA PORTA SULL&#8217;ACQUA\",\"datePublished\":\"2020-11-05T09:15:16+00:00\",\"dateModified\":\"2020-11-05T09:15:18+00:00\",\"mainEntityOfPage\":{\"@id\":\"https:\\\/\\\/www.sabinacolloredo.com\\\/2020\\\/la-porta-sull-acqua\\\/\"},\"wordCount\":91,\"image\":{\"@id\":\"https:\\\/\\\/www.sabinacolloredo.com\\\/2020\\\/la-porta-sull-acqua\\\/#primaryimage\"},\"thumbnailUrl\":\"https:\\\/\\\/www.sabinacolloredo.com\\\/2020\\\/wp-content\\\/uploads\\\/2020\\\/11\\\/LA-PORTA-SULLACQUA-sabina-colloredo.jpg\",\"articleSection\":[\"Libri\",\"Libri per bambini e ragazzi\",\"Progetti speciali\"],\"inLanguage\":\"it-IT\"},{\"@type\":\"WebPage\",\"@id\":\"https:\\\/\\\/www.sabinacolloredo.com\\\/2020\\\/la-porta-sull-acqua\\\/\",\"url\":\"https:\\\/\\\/www.sabinacolloredo.com\\\/2020\\\/la-porta-sull-acqua\\\/\",\"name\":\"LA PORTA SULL'ACQUA - Sabina Colloredo\",\"isPartOf\":{\"@id\":\"https:\\\/\\\/www.sabinacolloredo.com\\\/2020\\\/#website\"},\"primaryImageOfPage\":{\"@id\":\"https:\\\/\\\/www.sabinacolloredo.com\\\/2020\\\/la-porta-sull-acqua\\\/#primaryimage\"},\"image\":{\"@id\":\"https:\\\/\\\/www.sabinacolloredo.com\\\/2020\\\/la-porta-sull-acqua\\\/#primaryimage\"},\"thumbnailUrl\":\"https:\\\/\\\/www.sabinacolloredo.com\\\/2020\\\/wp-content\\\/uploads\\\/2020\\\/11\\\/LA-PORTA-SULLACQUA-sabina-colloredo.jpg\",\"datePublished\":\"2020-11-05T09:15:16+00:00\",\"dateModified\":\"2020-11-05T09:15:18+00:00\",\"author\":{\"@id\":\"https:\\\/\\\/www.sabinacolloredo.com\\\/2020\\\/#\\\/schema\\\/person\\\/934ad7375a2cb6570e599e627743b865\"},\"description\":\"La storia della sconosciuta sarta di colore che , nel dicembre del 1955, in Alabama, in piena segregazione razziale, si rifiut\u00f2 di cedere il suo posto sull\u2019autobus ad un bianco. Fu arrestata, ma il suo gesto fece il giro del mondo, la sua vita cambi\u00f2 e da quel giorno, in America, nulla fu pi\u00f9 come prima.\",\"breadcrumb\":{\"@id\":\"https:\\\/\\\/www.sabinacolloredo.com\\\/2020\\\/la-porta-sull-acqua\\\/#breadcrumb\"},\"inLanguage\":\"it-IT\",\"potentialAction\":[{\"@type\":\"ReadAction\",\"target\":[\"https:\\\/\\\/www.sabinacolloredo.com\\\/2020\\\/la-porta-sull-acqua\\\/\"]}]},{\"@type\":\"ImageObject\",\"inLanguage\":\"it-IT\",\"@id\":\"https:\\\/\\\/www.sabinacolloredo.com\\\/2020\\\/la-porta-sull-acqua\\\/#primaryimage\",\"url\":\"https:\\\/\\\/www.sabinacolloredo.com\\\/2020\\\/wp-content\\\/uploads\\\/2020\\\/11\\\/LA-PORTA-SULLACQUA-sabina-colloredo.jpg\",\"contentUrl\":\"https:\\\/\\\/www.sabinacolloredo.com\\\/2020\\\/wp-content\\\/uploads\\\/2020\\\/11\\\/LA-PORTA-SULLACQUA-sabina-colloredo.jpg\",\"width\":1277,\"height\":1200},{\"@type\":\"BreadcrumbList\",\"@id\":\"https:\\\/\\\/www.sabinacolloredo.com\\\/2020\\\/la-porta-sull-acqua\\\/#breadcrumb\",\"itemListElement\":[{\"@type\":\"ListItem\",\"position\":1,\"name\":\"Home\",\"item\":\"https:\\\/\\\/www.sabinacolloredo.com\\\/2020\\\/\"},{\"@type\":\"ListItem\",\"position\":2,\"name\":\"LA PORTA SULL&#8217;ACQUA\"}]},{\"@type\":\"WebSite\",\"@id\":\"https:\\\/\\\/www.sabinacolloredo.com\\\/2020\\\/#website\",\"url\":\"https:\\\/\\\/www.sabinacolloredo.com\\\/2020\\\/\",\"name\":\"Sabina Colloredo\",\"description\":\"Scrittrice\",\"potentialAction\":[{\"@type\":\"SearchAction\",\"target\":{\"@type\":\"EntryPoint\",\"urlTemplate\":\"https:\\\/\\\/www.sabinacolloredo.com\\\/2020\\\/?s={search_term_string}\"},\"query-input\":{\"@type\":\"PropertyValueSpecification\",\"valueRequired\":true,\"valueName\":\"search_term_string\"}}],\"inLanguage\":\"it-IT\"},{\"@type\":\"Person\",\"@id\":\"https:\\\/\\\/www.sabinacolloredo.com\\\/2020\\\/#\\\/schema\\\/person\\\/934ad7375a2cb6570e599e627743b865\",\"name\":\"Admin\",\"image\":{\"@type\":\"ImageObject\",\"inLanguage\":\"it-IT\",\"@id\":\"https:\\\/\\\/secure.gravatar.com\\\/avatar\\\/eb52828ed1a83c8ad96f50f4a2b3c6a45a08fe9058a71df47995f0c57fb31dcc?s=96&d=mm&r=g\",\"url\":\"https:\\\/\\\/secure.gravatar.com\\\/avatar\\\/eb52828ed1a83c8ad96f50f4a2b3c6a45a08fe9058a71df47995f0c57fb31dcc?s=96&d=mm&r=g\",\"contentUrl\":\"https:\\\/\\\/secure.gravatar.com\\\/avatar\\\/eb52828ed1a83c8ad96f50f4a2b3c6a45a08fe9058a71df47995f0c57fb31dcc?s=96&d=mm&r=g\",\"caption\":\"Admin\"},\"sameAs\":[\"http:\\\/\\\/www.sabinacolloredo.com\\\/2020\"],\"url\":\"https:\\\/\\\/www.sabinacolloredo.com\\\/2020\\\/author\\\/admin\\\/\"}]}<\/script>\n<!-- \/ Yoast SEO plugin. -->","yoast_head_json":{"title":"LA PORTA SULL'ACQUA - Sabina Colloredo","description":"La storia della sconosciuta sarta di colore che , nel dicembre del 1955, in Alabama, in piena segregazione razziale, si rifiut\u00f2 di cedere il suo posto sull\u2019autobus ad un bianco. Fu arrestata, ma il suo gesto fece il giro del mondo, la sua vita cambi\u00f2 e da quel giorno, in America, nulla fu pi\u00f9 come prima.","robots":{"index":"index","follow":"follow","max-snippet":"max-snippet:-1","max-image-preview":"max-image-preview:large","max-video-preview":"max-video-preview:-1"},"canonical":"https:\/\/www.sabinacolloredo.com\/2020\/la-porta-sull-acqua\/","og_locale":"it_IT","og_type":"article","og_title":"LA PORTA SULL'ACQUA - Sabina Colloredo","og_description":"La storia della sconosciuta sarta di colore che , nel dicembre del 1955, in Alabama, in piena segregazione razziale, si rifiut\u00f2 di cedere il suo posto sull\u2019autobus ad un bianco. Fu arrestata, ma il suo gesto fece il giro del mondo, la sua vita cambi\u00f2 e da quel giorno, in America, nulla fu pi\u00f9 come prima.","og_url":"https:\/\/www.sabinacolloredo.com\/2020\/la-porta-sull-acqua\/","og_site_name":"Sabina Colloredo","article_published_time":"2020-11-05T09:15:16+00:00","article_modified_time":"2020-11-05T09:15:18+00:00","og_image":[{"width":1277,"height":1200,"url":"https:\/\/www.sabinacolloredo.com\/2020\/wp-content\/uploads\/2020\/11\/LA-PORTA-SULLACQUA-sabina-colloredo.jpg","type":"image\/jpeg"}],"author":"Admin","twitter_card":"summary_large_image","twitter_misc":{"Scritto da":"Admin"},"schema":{"@context":"https:\/\/schema.org","@graph":[{"@type":"Article","@id":"https:\/\/www.sabinacolloredo.com\/2020\/la-porta-sull-acqua\/#article","isPartOf":{"@id":"https:\/\/www.sabinacolloredo.com\/2020\/la-porta-sull-acqua\/"},"author":{"name":"Admin","@id":"https:\/\/www.sabinacolloredo.com\/2020\/#\/schema\/person\/934ad7375a2cb6570e599e627743b865"},"headline":"LA PORTA SULL&#8217;ACQUA","datePublished":"2020-11-05T09:15:16+00:00","dateModified":"2020-11-05T09:15:18+00:00","mainEntityOfPage":{"@id":"https:\/\/www.sabinacolloredo.com\/2020\/la-porta-sull-acqua\/"},"wordCount":91,"image":{"@id":"https:\/\/www.sabinacolloredo.com\/2020\/la-porta-sull-acqua\/#primaryimage"},"thumbnailUrl":"https:\/\/www.sabinacolloredo.com\/2020\/wp-content\/uploads\/2020\/11\/LA-PORTA-SULLACQUA-sabina-colloredo.jpg","articleSection":["Libri","Libri per bambini e ragazzi","Progetti speciali"],"inLanguage":"it-IT"},{"@type":"WebPage","@id":"https:\/\/www.sabinacolloredo.com\/2020\/la-porta-sull-acqua\/","url":"https:\/\/www.sabinacolloredo.com\/2020\/la-porta-sull-acqua\/","name":"LA PORTA SULL'ACQUA - Sabina Colloredo","isPartOf":{"@id":"https:\/\/www.sabinacolloredo.com\/2020\/#website"},"primaryImageOfPage":{"@id":"https:\/\/www.sabinacolloredo.com\/2020\/la-porta-sull-acqua\/#primaryimage"},"image":{"@id":"https:\/\/www.sabinacolloredo.com\/2020\/la-porta-sull-acqua\/#primaryimage"},"thumbnailUrl":"https:\/\/www.sabinacolloredo.com\/2020\/wp-content\/uploads\/2020\/11\/LA-PORTA-SULLACQUA-sabina-colloredo.jpg","datePublished":"2020-11-05T09:15:16+00:00","dateModified":"2020-11-05T09:15:18+00:00","author":{"@id":"https:\/\/www.sabinacolloredo.com\/2020\/#\/schema\/person\/934ad7375a2cb6570e599e627743b865"},"description":"La storia della sconosciuta sarta di colore che , nel dicembre del 1955, in Alabama, in piena segregazione razziale, si rifiut\u00f2 di cedere il suo posto sull\u2019autobus ad un bianco. Fu arrestata, ma il suo gesto fece il giro del mondo, la sua vita cambi\u00f2 e da quel giorno, in America, nulla fu pi\u00f9 come prima.","breadcrumb":{"@id":"https:\/\/www.sabinacolloredo.com\/2020\/la-porta-sull-acqua\/#breadcrumb"},"inLanguage":"it-IT","potentialAction":[{"@type":"ReadAction","target":["https:\/\/www.sabinacolloredo.com\/2020\/la-porta-sull-acqua\/"]}]},{"@type":"ImageObject","inLanguage":"it-IT","@id":"https:\/\/www.sabinacolloredo.com\/2020\/la-porta-sull-acqua\/#primaryimage","url":"https:\/\/www.sabinacolloredo.com\/2020\/wp-content\/uploads\/2020\/11\/LA-PORTA-SULLACQUA-sabina-colloredo.jpg","contentUrl":"https:\/\/www.sabinacolloredo.com\/2020\/wp-content\/uploads\/2020\/11\/LA-PORTA-SULLACQUA-sabina-colloredo.jpg","width":1277,"height":1200},{"@type":"BreadcrumbList","@id":"https:\/\/www.sabinacolloredo.com\/2020\/la-porta-sull-acqua\/#breadcrumb","itemListElement":[{"@type":"ListItem","position":1,"name":"Home","item":"https:\/\/www.sabinacolloredo.com\/2020\/"},{"@type":"ListItem","position":2,"name":"LA PORTA SULL&#8217;ACQUA"}]},{"@type":"WebSite","@id":"https:\/\/www.sabinacolloredo.com\/2020\/#website","url":"https:\/\/www.sabinacolloredo.com\/2020\/","name":"Sabina Colloredo","description":"Scrittrice","potentialAction":[{"@type":"SearchAction","target":{"@type":"EntryPoint","urlTemplate":"https:\/\/www.sabinacolloredo.com\/2020\/?s={search_term_string}"},"query-input":{"@type":"PropertyValueSpecification","valueRequired":true,"valueName":"search_term_string"}}],"inLanguage":"it-IT"},{"@type":"Person","@id":"https:\/\/www.sabinacolloredo.com\/2020\/#\/schema\/person\/934ad7375a2cb6570e599e627743b865","name":"Admin","image":{"@type":"ImageObject","inLanguage":"it-IT","@id":"https:\/\/secure.gravatar.com\/avatar\/eb52828ed1a83c8ad96f50f4a2b3c6a45a08fe9058a71df47995f0c57fb31dcc?s=96&d=mm&r=g","url":"https:\/\/secure.gravatar.com\/avatar\/eb52828ed1a83c8ad96f50f4a2b3c6a45a08fe9058a71df47995f0c57fb31dcc?s=96&d=mm&r=g","contentUrl":"https:\/\/secure.gravatar.com\/avatar\/eb52828ed1a83c8ad96f50f4a2b3c6a45a08fe9058a71df47995f0c57fb31dcc?s=96&d=mm&r=g","caption":"Admin"},"sameAs":["http:\/\/www.sabinacolloredo.com\/2020"],"url":"https:\/\/www.sabinacolloredo.com\/2020\/author\/admin\/"}]}},"_links":{"self":[{"href":"https:\/\/www.sabinacolloredo.com\/2020\/wp-json\/wp\/v2\/posts\/2556","targetHints":{"allow":["GET"]}}],"collection":[{"href":"https:\/\/www.sabinacolloredo.com\/2020\/wp-json\/wp\/v2\/posts"}],"about":[{"href":"https:\/\/www.sabinacolloredo.com\/2020\/wp-json\/wp\/v2\/types\/post"}],"author":[{"embeddable":true,"href":"https:\/\/www.sabinacolloredo.com\/2020\/wp-json\/wp\/v2\/users\/1"}],"replies":[{"embeddable":true,"href":"https:\/\/www.sabinacolloredo.com\/2020\/wp-json\/wp\/v2\/comments?post=2556"}],"version-history":[{"count":1,"href":"https:\/\/www.sabinacolloredo.com\/2020\/wp-json\/wp\/v2\/posts\/2556\/revisions"}],"predecessor-version":[{"id":2558,"href":"https:\/\/www.sabinacolloredo.com\/2020\/wp-json\/wp\/v2\/posts\/2556\/revisions\/2558"}],"wp:featuredmedia":[{"embeddable":true,"href":"https:\/\/www.sabinacolloredo.com\/2020\/wp-json\/wp\/v2\/media\/2557"}],"wp:attachment":[{"href":"https:\/\/www.sabinacolloredo.com\/2020\/wp-json\/wp\/v2\/media?parent=2556"}],"wp:term":[{"taxonomy":"category","embeddable":true,"href":"https:\/\/www.sabinacolloredo.com\/2020\/wp-json\/wp\/v2\/categories?post=2556"},{"taxonomy":"post_tag","embeddable":true,"href":"https:\/\/www.sabinacolloredo.com\/2020\/wp-json\/wp\/v2\/tags?post=2556"}],"curies":[{"name":"wp","href":"https:\/\/api.w.org\/{rel}","templated":true}]}}